{"id":561,"date":"2025-10-08T20:35:20","date_gmt":"2025-10-08T20:35:20","guid":{"rendered":"https:\/\/lasoledadparroquia.org\/?p=561"},"modified":"2025-10-08T20:48:59","modified_gmt":"2025-10-08T20:48:59","slug":"fiesta-patronal-de-nuestra-senora-de-la-soledad","status":"publish","type":"post","link":"https:\/\/lasoledadparroquia.org\/?p=561","title":{"rendered":"Fiesta Patronal de Nuestra Se\u00f1ora de la Soledad"},"content":{"rendered":"\n<h2 class=\"wp-block-heading\">\ud83c\udf38 Fiesta Patronal \u2014 Nuestra Se\u00f1ora de la Soledad<\/h2>\n\n\n\n<p><strong>\ud83d\udcc5 Fecha:<\/strong> Octubre 2025<br><strong>\ud83d\udccd Lugar:<\/strong> Templo Parroquial La Soledad<br><strong>\ud83d\udcc2 Categor\u00eda:<\/strong> Eventos y Actividades Parroquiales<\/p>\n\n\n\n<hr class=\"wp-block-separator has-alpha-channel-opacity\"\/>\n\n\n\n<h3 class=\"wp-block-heading\">Una tradici\u00f3n llena de fe y color \ud83d\udc90<\/h3>\n\n\n\n<p>Con gran alegr\u00eda celebramos nuestra <strong>Fiesta Patronal en honor a Nuestra Se\u00f1ora de la Soledad<\/strong>. Durante esta festividad, te invitamos a participar en una hermosa din\u00e1mica de oraci\u00f3n y ofrecimiento, tomando un list\u00f3n del color que represente tu intenci\u00f3n o petici\u00f3n especial.<\/p>\n\n\n\n<h3 class=\"wp-block-heading\">\ud83c\udf80 Significado de cada list\u00f3n<\/h3>\n\n\n\n<ul class=\"wp-block-list\">\n<li><strong>Rosa:<\/strong> Por enfermedad o por un ser querido enfermo.<\/li>\n\n\n\n<li><strong>Amarillo:<\/strong> Por la familia.<\/li>\n\n\n\n<li><strong>Verde:<\/strong> Por el trabajo o la econom\u00eda.<\/li>\n\n\n\n<li><strong>Blanco:<\/strong> Por nuestra espiritualidad personal o el descanso eterno de un ser querido.<\/li>\n\n\n\n<li><strong>Azul:<\/strong> Por el matrimonio y las vocaciones.<\/li>\n<\/ul>\n\n\n\n<h3 class=\"wp-block-heading\">\ud83d\ude4f\ud83c\udffb C\u00f3mo participar<\/h3>\n\n\n\n<p>Al llegar al templo, encontrar\u00e1s una mesa en la puerta principal con los listones disponibles. Elige <strong>solamente uno<\/strong> (uno por persona), escribe tu intenci\u00f3n y col\u00f3calo en las canastas ubicadas en el altar frente a nuestra Madre Sant\u00edsima. Ah\u00ed mismo puedes dejar tambi\u00e9n tu flor como signo de amor y devoci\u00f3n. \u2764\ufe0f\u200d\ud83d\udd25<\/p>\n\n\n\n<h3 class=\"wp-block-heading\">Un acto de fe y esperanza \ud83c\udf3c<\/h3>\n\n\n\n<p>Cada list\u00f3n representa una oraci\u00f3n viva que se eleva a Dios por medio de la intercesi\u00f3n de Nuestra Se\u00f1ora de la Soledad. Te invitamos a participar con fe, agradecer las bendiciones recibidas y poner en manos de la Virgen tus peticiones m\u00e1s sinceras. Juntos, como comunidad, celebramos con alegr\u00eda esta gran fiesta patronal.<\/p>\n\n\n\n<hr class=\"wp-block-separator has-alpha-channel-opacity\"\/>\n\n\n\n<p>\ud83d\udcf8 <em>Comparte tus fotos y experiencias con el hashtag<\/em> <strong>#FiestaPatronal #SoledadMTY<\/strong> \ud83d\ude4c\ud83c\udffd<\/p>\n\n\n\n<h3 class=\"wp-block-heading\">\u00a1Te esperamos con los brazos abiertos! \ud83e\udef6<\/h3>\n\n\n\n<p>Ven con tu familia y vive estos d\u00edas de oraci\u00f3n, comunidad y fe en honor a Nuestra Madre Sant\u00edsima.<br><a href=\"#\">Ver pr\u00f3ximos eventos<\/a> | <a href=\"#\">Cont\u00e1ctanos<\/a><\/p>\n","protected":false},"excerpt":{"rendered":"<p>\ud83c\udf38 Fiesta Patronal \u2014 Nuestra Se\u00f1ora de la Soledad \ud83d\udcc5 Fecha: Octubre 2025\ud83d\udccd Lugar: Templo Parroquial La Soledad\ud83d\udcc2 Categor\u00eda: Eventos y Actividades Parroquiales Una tradici\u00f3n llena de fe y color&hellip;<\/p>\n","protected":false},"author":1,"featured_media":562,"comment_status":"open","ping_status":"open","sticky":false,"template":"","format":"standard","meta":{"give_campaign_id":0,"footnotes":""},"categories":[26],"tags":[],"class_list":["post-561","post","type-post","status-publish","format-standard","has-post-thumbnail","hentry","category-eventos-y-actividades-parroquiales"],"_links":{"self":[{"href":"https:\/\/lasoledadparroquia.org\/index.php?rest_route=\/wp\/v2\/posts\/561","targetHints":{"allow":["GET"]}}],"collection":[{"href":"https:\/\/lasoledadparroquia.org\/index.php?rest_route=\/wp\/v2\/posts"}],"about":[{"href":"https:\/\/lasoledadparroquia.org\/index.php?rest_route=\/wp\/v2\/types\/post"}],"author":[{"embeddable":true,"href":"https:\/\/lasoledadparroquia.org\/index.php?rest_route=\/wp\/v2\/users\/1"}],"replies":[{"embeddable":true,"href":"https:\/\/lasoledadparroquia.org\/index.php?rest_route=%2Fwp%2Fv2%2Fcomments&post=561"}],"version-history":[{"count":1,"href":"https:\/\/lasoledadparroquia.org\/index.php?rest_route=\/wp\/v2\/posts\/561\/revisions"}],"predecessor-version":[{"id":563,"href":"https:\/\/lasoledadparroquia.org\/index.php?rest_route=\/wp\/v2\/posts\/561\/revisions\/563"}],"wp:featuredmedia":[{"embeddable":true,"href":"https:\/\/lasoledadparroquia.org\/index.php?rest_route=\/wp\/v2\/media\/562"}],"wp:attachment":[{"href":"https:\/\/lasoledadparroquia.org\/index.php?rest_route=%2Fwp%2Fv2%2Fmedia&parent=561"}],"wp:term":[{"taxonomy":"category","embeddable":true,"href":"https:\/\/lasoledadparroquia.org\/index.php?rest_route=%2Fwp%2Fv2%2Fcategories&post=561"},{"taxonomy":"post_tag","embeddable":true,"href":"https:\/\/lasoledadparroquia.org\/index.php?rest_route=%2Fwp%2Fv2%2Ftags&post=561"}],"curies":[{"name":"wp","href":"https:\/\/api.w.org\/{rel}","templated":true}]}}