{"id":548,"date":"2025-10-08T20:29:15","date_gmt":"2025-10-08T20:29:15","guid":{"rendered":"https:\/\/lasoledadparroquia.org\/?p=548"},"modified":"2025-10-08T20:30:27","modified_gmt":"2025-10-08T20:30:27","slug":"bendicion-de-las-mascotas-%f0%9f%90%b6","status":"publish","type":"post","link":"https:\/\/lasoledadparroquia.org\/?p=548","title":{"rendered":"Bendici\u00f3n de las Mascotas \ud83d\udc36"},"content":{"rendered":"\n<p><strong>\ud83d\udcc5 Fecha:<\/strong> Viernes, 3 de octubre<br><strong>\ud83d\udd63 Hora:<\/strong> 7:00 p.m.<br><strong>\ud83d\udccd Lugar:<\/strong> Templo Parroquial La Soledad<br><strong>\ud83d\udcc2 Categor\u00eda:<\/strong> Eventos y Actividades Parroquiales<\/p>\n\n\n\n<hr class=\"wp-block-separator has-alpha-channel-opacity\"\/>\n\n\n\n<h3 class=\"wp-block-heading\">Una celebraci\u00f3n de amor y gratitud por la creaci\u00f3n de Dios<\/h3>\n\n\n\n<p>Con gran alegr\u00eda, invitamos a toda la comunidad a participar en nuestra tradicional <strong>Bendici\u00f3n de las Mascotas<\/strong>, una celebraci\u00f3n donde reconocemos el amor de Dios reflejado en todas sus criaturas. Cada mascota es un regalo que nos ense\u00f1a a amar, cuidar y valorar la vida en todas sus formas.<\/p>\n\n\n\n<h3 class=\"wp-block-heading\">Una misa especial para toda la familia \ud83d\udd4a\ufe0f<\/h3>\n\n\n\n<p>Durante la Santa Misa, pediremos por el bienestar de cada mascota y por todos los due\u00f1os que las cuidan con cari\u00f1o. Ser\u00e1 un momento de oraci\u00f3n, convivencia y agradecimiento, donde podr\u00e1s traer a tu perro, gato u otra mascota para recibir la bendici\u00f3n especial del sacerdote.<\/p>\n\n\n\n<blockquote class=\"wp-block-quote is-layout-flow wp-block-quote-is-layout-flow\">\n<p>\u201cEl justo cuida de la vida de su bestia.\u201d \u2014 <em>Proverbios 12,10<\/em><\/p>\n<\/blockquote>\n\n\n\n<h3 class=\"wp-block-heading\">Detalles del evento \ud83d\udcc5<\/h3>\n\n\n\n<ul class=\"wp-block-list\">\n<li><strong>\ud83d\uddd3\ufe0f Fecha:<\/strong> Viernes 3 de octubre<\/li>\n\n\n\n<li><strong>\ud83d\udd63 Hora:<\/strong> 7:00 p.m.<\/li>\n\n\n\n<li><strong>\ud83d\udccd Lugar:<\/strong> Templo Parroquial La Soledad<\/li>\n\n\n\n<li><strong>\ud83d\udc3e Recomendaci\u00f3n:<\/strong> Trae tu bolsa para las necesidades de tu mascota y ay\u00fadanos a mantener limpio el espacio.<\/li>\n<\/ul>\n\n\n\n<h3 class=\"wp-block-heading\">Un d\u00eda para compartir en comunidad \u2764\ufe0f\u200d\ud83d\udd25<\/h3>\n\n\n\n<p>M\u00e1s que un evento, la Bendici\u00f3n de las Mascotas es una oportunidad para fortalecer los lazos de amistad y fe entre nuestras familias parroquiales. \u00a1Ven con tu mascota, comparte estos momentos especiales y celebra el amor que Dios nos da a trav\u00e9s de sus criaturas!<\/p>\n\n\n\n<p>\ud83d\udcf8 <em>Te invitamos a tomar fotos y etiquetar a nuestra comunidad con el hashtag<\/em> <strong>#SoledadMTY<\/strong><\/p>\n\n\n\n<hr class=\"wp-block-separator has-alpha-channel-opacity\"\/>\n\n\n\n<h3 class=\"wp-block-heading\">\u00a1Te esperamos con mucha alegr\u00eda! \ud83e\udef6<\/h3>\n\n\n\n<p>Comparte la invitaci\u00f3n con tus amigos y vecinos.<br><a href=\"https:\/\/lasoledadparroquia.org\/?post_type=tribe_events\" data-type=\"link\" data-id=\"https:\/\/lasoledadparroquia.org\/?post_type=tribe_events\">Ver pr\u00f3ximos eventos <\/a>| <a href=\"#\">Cont\u00e1ctanos<\/a><\/p>\n","protected":false},"excerpt":{"rendered":"<p>\ud83d\udcc5 Fecha: Viernes, 3 de octubre\ud83d\udd63 Hora: 7:00 p.m.\ud83d\udccd Lugar: Templo Parroquial La Soledad\ud83d\udcc2 Categor\u00eda: Eventos y Actividades Parroquiales Una celebraci\u00f3n de amor y gratitud por la creaci\u00f3n de Dios&hellip;<\/p>\n","protected":false},"author":1,"featured_media":554,"comment_status":"open","ping_status":"open","sticky":false,"template":"","format":"standard","meta":{"give_campaign_id":0,"footnotes":""},"categories":[26],"tags":[],"class_list":["post-548","post","type-post","status-publish","format-standard","has-post-thumbnail","hentry","category-eventos-y-actividades-parroquiales"],"_links":{"self":[{"href":"https:\/\/lasoledadparroquia.org\/index.php?rest_route=\/wp\/v2\/posts\/548","targetHints":{"allow":["GET"]}}],"collection":[{"href":"https:\/\/lasoledadparroquia.org\/index.php?rest_route=\/wp\/v2\/posts"}],"about":[{"href":"https:\/\/lasoledadparroquia.org\/index.php?rest_route=\/wp\/v2\/types\/post"}],"author":[{"embeddable":true,"href":"https:\/\/lasoledadparroquia.org\/index.php?rest_route=\/wp\/v2\/users\/1"}],"replies":[{"embeddable":true,"href":"https:\/\/lasoledadparroquia.org\/index.php?rest_route=%2Fwp%2Fv2%2Fcomments&post=548"}],"version-history":[{"count":1,"href":"https:\/\/lasoledadparroquia.org\/index.php?rest_route=\/wp\/v2\/posts\/548\/revisions"}],"predecessor-version":[{"id":555,"href":"https:\/\/lasoledadparroquia.org\/index.php?rest_route=\/wp\/v2\/posts\/548\/revisions\/555"}],"wp:featuredmedia":[{"embeddable":true,"href":"https:\/\/lasoledadparroquia.org\/index.php?rest_route=\/wp\/v2\/media\/554"}],"wp:attachment":[{"href":"https:\/\/lasoledadparroquia.org\/index.php?rest_route=%2Fwp%2Fv2%2Fmedia&parent=548"}],"wp:term":[{"taxonomy":"category","embeddable":true,"href":"https:\/\/lasoledadparroquia.org\/index.php?rest_route=%2Fwp%2Fv2%2Fcategories&post=548"},{"taxonomy":"post_tag","embeddable":true,"href":"https:\/\/lasoledadparroquia.org\/index.php?rest_route=%2Fwp%2Fv2%2Ftags&post=548"}],"curies":[{"name":"wp","href":"https:\/\/api.w.org\/{rel}","templated":true}]}}